{"id":3678,"date":"2022-11-08T16:28:44","date_gmt":"2022-11-08T21:28:44","guid":{"rendered":"http:\/\/ravenlaw.forcefivedev.ca\/ravenlaw-pleure-le-deces-de-mary-mackinnon\/"},"modified":"2022-11-08T16:39:52","modified_gmt":"2022-11-08T21:39:52","slug":"ravenlaw-pleure-le-deces-de-mary-mackinnon","status":"publish","type":"post","link":"https:\/\/ravenlaw.com\/fr\/ravenlaw-pleure-le-deces-de-mary-mackinnon\/","title":{"rendered":"RavenLaw pleure le d\u00e9c\u00e8s de Mary Mackinnon"},"content":{"rendered":"<p>C\u2019est avec grande tristesse que nous annon\u00e7ons le d\u00e9c\u00e8s de notre ch\u00e8re amie et coll\u00e8gue, Mary Mackinnon.\u00a0 Mary travaille chez RavenLaw depuis 2006, devenant associ\u00e9e en 2008.\u00a0 Une avocate infatigable pour les droits des travailleurs, Mary \u00e9tait \u00e9norm\u00e9ment respect\u00e9e dans la communaut\u00e9 juridique.\u00a0 Son travail au nom d\u2019employ\u00e9s, de victimes de discrimination, et de syndicats est un t\u00e9moignage \u00e0 son profond engagement personnel envers la justice sociale et l\u2019\u00e9galit\u00e9.\u00a0 Mary \u00e9tait une coll\u00e8gue de travail extraordinaire et une mentore g\u00e9n\u00e9reuse pour les nouveaux avocats. \u00a0Elle nous manquera \u00e9norm\u00e9ment.<\/p>\n<p>Les dons \u00e0 la m\u00e9moire de Mary peuvent \u00eatre faits \u00e0 \u00a0Cancer du Rein Canada <a href=\"http:\/\/www.cancerdurein.ca\/\" target=\"_blank\" rel=\"noopener\">http:\/\/www.cancerdurein.ca<\/a><\/p>\n<p><a href=\"https:\/\/ravenlaw.com\/wp-content\/uploads\/2016\/12\/2012-mm2-e1482339386569.jpg\"><img loading=\"lazy\" decoding=\"async\" class=\"alignnone size-medium wp-image-2213\" src=\"https:\/\/ravenlaw.com\/wp-content\/uploads\/2016\/12\/2012-mm2-e1482339386569-300x278.jpg\" alt=\"Mary MacKinnon\" width=\"300\" height=\"278\" \/><\/a><\/p>\n","protected":false},"excerpt":{"rendered":"<p>C\u2019est avec grande tristesse que nous annon\u00e7ons le d\u00e9c\u00e8s de notre ch\u00e8re amie et coll\u00e8gue, Mary Mackinnon.\u00a0 Mary travaille chez RavenLaw depuis 2006, devenant associ\u00e9e en 2008.\u00a0 Une avocate infatigable pour les droits des travailleurs, Mary \u00e9tait \u00e9norm\u00e9ment respect\u00e9e dans la communaut\u00e9 juridique.\u00a0 Son travail au nom d\u2019employ\u00e9s, de victimes de discrimination, et de syndicats&hellip;<\/p>\n<p><a class=\"more-link\" href=\"https:\/\/ravenlaw.com\/fr\/ravenlaw-pleure-le-deces-de-mary-mackinnon\/\" title=\"Poursuivre la lecture &lsquo;RavenLaw pleure le d\u00e9c\u00e8s de Mary Mackinnon&rsquo;\">Continuer la lecture <span class=\"meta-nav\">&rarr;<\/span><\/a><\/p>\n","protected":false},"author":1,"featured_media":3045,"comment_status":"closed","ping_status":"closed","sticky":false,"template":"","format":"standard","meta":{"_acf_changed":false,"footnotes":""},"categories":[182,197],"tags":[],"class_list":["post-3678","post","type-post","status-publish","format-standard","has-post-thumbnail","hentry","category-news-fr","category-resources-fr"],"acf":[],"_links":{"self":[{"href":"https:\/\/ravenlaw.com\/fr\/wp-json\/wp\/v2\/posts\/3678","targetHints":{"allow":["GET"]}}],"collection":[{"href":"https:\/\/ravenlaw.com\/fr\/wp-json\/wp\/v2\/posts"}],"about":[{"href":"https:\/\/ravenlaw.com\/fr\/wp-json\/wp\/v2\/types\/post"}],"author":[{"embeddable":true,"href":"https:\/\/ravenlaw.com\/fr\/wp-json\/wp\/v2\/users\/1"}],"replies":[{"embeddable":true,"href":"https:\/\/ravenlaw.com\/fr\/wp-json\/wp\/v2\/comments?post=3678"}],"version-history":[{"count":0,"href":"https:\/\/ravenlaw.com\/fr\/wp-json\/wp\/v2\/posts\/3678\/revisions"}],"wp:featuredmedia":[{"embeddable":true,"href":"https:\/\/ravenlaw.com\/fr\/wp-json\/wp\/v2\/media\/3045"}],"wp:attachment":[{"href":"https:\/\/ravenlaw.com\/fr\/wp-json\/wp\/v2\/media?parent=3678"}],"wp:term":[{"taxonomy":"category","embeddable":true,"href":"https:\/\/ravenlaw.com\/fr\/wp-json\/wp\/v2\/categories?post=3678"},{"taxonomy":"post_tag","embeddable":true,"href":"https:\/\/ravenlaw.com\/fr\/wp-json\/wp\/v2\/tags?post=3678"}],"curies":[{"name":"wp","href":"https:\/\/api.w.org\/{rel}","templated":true}]}}