{"id":3677,"date":"2022-11-08T16:28:44","date_gmt":"2022-11-08T21:28:44","guid":{"rendered":"http:\/\/ravenlaw.forcefivedev.ca\/les-membres-du-recours-collectif-contre-les-forces-armees-canadiennes-deposent-leur-declaration\/"},"modified":"2022-11-08T16:39:52","modified_gmt":"2022-11-08T21:39:52","slug":"les-membres-du-recours-collectif-contre-les-forces-armees-canadiennes-deposent-leur-declaration","status":"publish","type":"post","link":"https:\/\/ravenlaw.com\/fr\/les-membres-du-recours-collectif-contre-les-forces-armees-canadiennes-deposent-leur-declaration\/","title":{"rendered":"Les membres du recours collectif contre les Forces arm\u00e9es canadiennes d\u00e9posent leur D\u00e9claration"},"content":{"rendered":"<p>Le regroupement d\u2019anciens militaires qui avaient lanc\u00e9 un recours collectif en mati\u00e8re d\u2019inconduite sexuelle dans les forces arm\u00e9es canadiennes a proc\u00e9d\u00e9 \u00e0 la prochaine \u00e9tape en d\u00e9posant leur D\u00e9claration \u00e0 la Cour sup\u00e9rieure de justice de l\u2019Ontario.\u00a0 Le 13 d\u00e9cembre 2016, Amy Graham, Nadine Schultz-Nielsen et Larry Beatty ont d\u00e9pos\u00e9 leur D\u00e9claration compl\u00e8te exposant leurs exp\u00e9riences personnelles d\u2019agression sexuelle et de harc\u00e8lement.\u00a0 Ils ont \u00e9galement \u00e9num\u00e9r\u00e9 les recours qu\u2019ils recherchent au nom de tous les membres de la classe.<\/p>\n<p>Le recours collectif couvre tous les membres actuels et anciens des Forces arm\u00e9es canadiennes qui ont fait l\u2019objet d\u2019agressions sexuelles, de harc\u00e8lement sexuel et\/ou d\u2019abus de pouvoir au cours de leurs \u00e9tudes, leur formation et\/ou de leur service militaire. \u00a0La D\u00e9claration vise \u00e0 obtenir une indemnisation pour les membres touch\u00e9s, ainsi que des d\u00e9clarations et des rem\u00e8des syst\u00e9miques contre le gouvernement pour changer un syst\u00e8me qui tol\u00e8re une culture d\u2019inconduite sexuelle et punit les victimes plut\u00f4t que les agresseurs.<\/p>\n<p>Pour en savoir plus, vous pouvez consulter les articles suivants\u00a0:<\/p>\n<ul>\n<li>CBC News: <a href=\"http:\/\/www.cbc.ca\/news\/politics\/military-misconduct-lawsuits-1.3893499\" target=\"_blank\" rel=\"noopener\">Sexual-misconduct lawsuit against Armed Forces alleges &lsquo;reckless&rsquo; conduct<\/a><\/li>\n<\/ul>\n<ul>\n<li>Radio-Canada: <a href=\"http:\/\/ici.radio-canada.ca\/nouvelle\/1005485\/forces-armees-canadiennes-recours-collectif-inconduite-sexuelle-poursuite-militaire-scandale-milliard-dollars\" target=\"_blank\" rel=\"noopener\">Les Forces canadiennes vis\u00e9es par un recours collectif de 1 milliard de\u00a0dollars<\/a><\/li>\n<\/ul>\n<ul>\n<li>Le Journal de Montr\u00e9al: <a href=\"http:\/\/www.journaldemontreal.com\/2016\/12\/13\/un-recours-collectif-dun-milliard--contre-larmee-1\" target=\"_blank\" rel=\"noopener\">Un recours collectif d\u2019un milliard $ contre l\u2019arm\u00e9e<\/a><\/li>\n<\/ul>\n<p>Pour de plus amples renseignements, ou, si vous ou un membre de votre famille \u00eates membre actuel ou lib\u00e9r\u00e9 des Forces arm\u00e9es canadiennes et avez \u00e9t\u00e9 victime d\u2019agression sexuelle ou de harc\u00e8lement sexuel, vous pouvez communiquer avec notre cabinet \u00e0 l\u2019adresse suivante\u00a0: <a href=\"mailto:armedforcesclassaction@ravenlaw.com\">armedforcesclassaction@ravenlaw.com<\/a><\/p>\n","protected":false},"excerpt":{"rendered":"<p>Le regroupement d\u2019anciens militaires qui avaient lanc\u00e9 un recours collectif en mati\u00e8re d\u2019inconduite sexuelle dans les forces arm\u00e9es canadiennes a proc\u00e9d\u00e9 \u00e0 la prochaine \u00e9tape en d\u00e9posant leur D\u00e9claration \u00e0 la Cour sup\u00e9rieure de justice de l\u2019Ontario.\u00a0 Le 13 d\u00e9cembre 2016, Amy Graham, Nadine Schultz-Nielsen et Larry Beatty ont d\u00e9pos\u00e9 leur D\u00e9claration compl\u00e8te exposant leurs&hellip;<\/p>\n<p><a class=\"more-link\" href=\"https:\/\/ravenlaw.com\/fr\/les-membres-du-recours-collectif-contre-les-forces-armees-canadiennes-deposent-leur-declaration\/\" title=\"Poursuivre la lecture &lsquo;Les membres du recours collectif contre les Forces arm\u00e9es canadiennes d\u00e9posent leur D\u00e9claration&rsquo;\">Continuer la lecture <span class=\"meta-nav\">&rarr;<\/span><\/a><\/p>\n","protected":false},"author":1,"featured_media":3001,"comment_status":"closed","ping_status":"closed","sticky":false,"template":"","format":"standard","meta":{"_acf_changed":false,"footnotes":""},"categories":[182,197],"tags":[],"class_list":["post-3677","post","type-post","status-publish","format-standard","has-post-thumbnail","hentry","category-news-fr","category-resources-fr"],"acf":[],"_links":{"self":[{"href":"https:\/\/ravenlaw.com\/fr\/wp-json\/wp\/v2\/posts\/3677","targetHints":{"allow":["GET"]}}],"collection":[{"href":"https:\/\/ravenlaw.com\/fr\/wp-json\/wp\/v2\/posts"}],"about":[{"href":"https:\/\/ravenlaw.com\/fr\/wp-json\/wp\/v2\/types\/post"}],"author":[{"embeddable":true,"href":"https:\/\/ravenlaw.com\/fr\/wp-json\/wp\/v2\/users\/1"}],"replies":[{"embeddable":true,"href":"https:\/\/ravenlaw.com\/fr\/wp-json\/wp\/v2\/comments?post=3677"}],"version-history":[{"count":0,"href":"https:\/\/ravenlaw.com\/fr\/wp-json\/wp\/v2\/posts\/3677\/revisions"}],"wp:featuredmedia":[{"embeddable":true,"href":"https:\/\/ravenlaw.com\/fr\/wp-json\/wp\/v2\/media\/3001"}],"wp:attachment":[{"href":"https:\/\/ravenlaw.com\/fr\/wp-json\/wp\/v2\/media?parent=3677"}],"wp:term":[{"taxonomy":"category","embeddable":true,"href":"https:\/\/ravenlaw.com\/fr\/wp-json\/wp\/v2\/categories?post=3677"},{"taxonomy":"post_tag","embeddable":true,"href":"https:\/\/ravenlaw.com\/fr\/wp-json\/wp\/v2\/tags?post=3677"}],"curies":[{"name":"wp","href":"https:\/\/api.w.org\/{rel}","templated":true}]}}