{"id":3669,"date":"2022-11-08T16:26:42","date_gmt":"2022-11-08T21:26:42","guid":{"rendered":"http:\/\/ravenlaw.forcefivedev.ca\/kim-patenaude-presentera-un-colloque-chez-sante-canada-sur-les-obligations-dadaptation-en-milieu-de-travail\/"},"modified":"2022-11-08T16:39:52","modified_gmt":"2022-11-08T21:39:52","slug":"kim-patenaude-presentera-un-colloque-chez-sante-canada-sur-les-obligations-dadaptation-en-milieu-de-travail","status":"publish","type":"post","link":"https:\/\/ravenlaw.com\/fr\/kim-patenaude-presentera-un-colloque-chez-sante-canada-sur-les-obligations-dadaptation-en-milieu-de-travail\/","title":{"rendered":"Kim Patenaude pr\u00e9sentera un colloque chez Sant\u00e9 Canada sur les obligations d\u2019adaptation en milieu de travail"},"content":{"rendered":"<p>Le 10 mars 2016, <a href=\"https:\/\/ravenlaw.com\/fr\/\u00e9quipe\/kim-patenaude\/\">Kim Patenaude<\/a> pr\u00e9sentera un colloque bilingue sur les questions soulev\u00e9es par les obligations d\u2019adaptation en milieu de travail.\u00a0 Le colloque est pr\u00e9sent\u00e9 par <a href=\"https:\/\/www.reach.ca\/\" target=\"_blank\" rel=\"noopener\">REACH Canada<\/a>.\u00a0 Depuis 1981, REACH offre des services de r\u00e9f\u00e9rences l\u00e9gales ainsi que des programmes \u00e9ducatifs destin\u00e9s au public.\u00a0 Ravenlaw est fier partisan de REACH qui a comme mission d\u2019am\u00e9liorer la qualit\u00e9 de vie de citoyens ayant des d\u00e9ficiences physiques ou mentales.<\/p>\n<p>&nbsp;<\/p>\n","protected":false},"excerpt":{"rendered":"<p>Le 10 mars 2016, Kim Patenaude pr\u00e9sentera un colloque bilingue sur les questions soulev\u00e9es par les obligations d\u2019adaptation en milieu de travail.\u00a0 Le colloque est pr\u00e9sent\u00e9 par REACH Canada.\u00a0 Depuis 1981, REACH offre des services de r\u00e9f\u00e9rences l\u00e9gales ainsi que des programmes \u00e9ducatifs destin\u00e9s au public.\u00a0 Ravenlaw est fier partisan de REACH qui a comme&hellip;<\/p>\n<p><a class=\"more-link\" href=\"https:\/\/ravenlaw.com\/fr\/kim-patenaude-presentera-un-colloque-chez-sante-canada-sur-les-obligations-dadaptation-en-milieu-de-travail\/\" title=\"Poursuivre la lecture &lsquo;Kim Patenaude pr\u00e9sentera un colloque chez Sant\u00e9 Canada sur les obligations d\u2019adaptation en milieu de travail&rsquo;\">Continuer la lecture <span class=\"meta-nav\">&rarr;<\/span><\/a><\/p>\n","protected":false},"author":1,"featured_media":0,"comment_status":"closed","ping_status":"closed","sticky":false,"template":"","format":"standard","meta":{"_acf_changed":false,"footnotes":""},"categories":[182,197],"tags":[],"class_list":["post-3669","post","type-post","status-publish","format-standard","hentry","category-news-fr","category-resources-fr"],"acf":[],"_links":{"self":[{"href":"https:\/\/ravenlaw.com\/fr\/wp-json\/wp\/v2\/posts\/3669","targetHints":{"allow":["GET"]}}],"collection":[{"href":"https:\/\/ravenlaw.com\/fr\/wp-json\/wp\/v2\/posts"}],"about":[{"href":"https:\/\/ravenlaw.com\/fr\/wp-json\/wp\/v2\/types\/post"}],"author":[{"embeddable":true,"href":"https:\/\/ravenlaw.com\/fr\/wp-json\/wp\/v2\/users\/1"}],"replies":[{"embeddable":true,"href":"https:\/\/ravenlaw.com\/fr\/wp-json\/wp\/v2\/comments?post=3669"}],"version-history":[{"count":0,"href":"https:\/\/ravenlaw.com\/fr\/wp-json\/wp\/v2\/posts\/3669\/revisions"}],"wp:attachment":[{"href":"https:\/\/ravenlaw.com\/fr\/wp-json\/wp\/v2\/media?parent=3669"}],"wp:term":[{"taxonomy":"category","embeddable":true,"href":"https:\/\/ravenlaw.com\/fr\/wp-json\/wp\/v2\/categories?post=3669"},{"taxonomy":"post_tag","embeddable":true,"href":"https:\/\/ravenlaw.com\/fr\/wp-json\/wp\/v2\/tags?post=3669"}],"curies":[{"name":"wp","href":"https:\/\/api.w.org\/{rel}","templated":true}]}}