{"id":3640,"date":"2022-11-08T16:39:40","date_gmt":"2022-11-08T21:39:40","guid":{"rendered":"http:\/\/ravenlaw.forcefivedev.ca\/dayna-steinfeld-est-conferenciere-invitee-dans-le-cours-introduction-to-the-study-of-law-a-luniversite-dottawa\/"},"modified":"2022-11-08T16:39:40","modified_gmt":"2022-11-08T21:39:40","slug":"dayna-steinfeld-est-conferenciere-invitee-dans-le-cours-introduction-to-the-study-of-law-a-luniversite-dottawa","status":"publish","type":"post","link":"https:\/\/ravenlaw.com\/fr\/dayna-steinfeld-est-conferenciere-invitee-dans-le-cours-introduction-to-the-study-of-law-a-luniversite-dottawa\/","title":{"rendered":"Dayna Steinfeld est conf\u00e9renci\u00e8re invit\u00e9e dans le cours \u00abIntroduction to the Study of Law \u00bb \u00e0 l\u2019Universit\u00e9 d\u2019Ottawa"},"content":{"rendered":"<p><a href=\"https:\/\/ravenlaw.com\/fr\/\u00e9quipe\/dayna-steinfeld-2\/\">Dayna Steinfeld<\/a> \u00e9tait conf\u00e9renci\u00e8re invit\u00e9e \u00e0 la <a href=\"http:\/\/droitcivil.uottawa.ca\/fr\" target=\"_blank\" rel=\"noopener\">Section de droit civil de la Facult\u00e9 de droit de l\u2019Universit\u00e9 d\u2019Ottawa<\/a> dans le cadre du cours \u00ab\u00a0Introduction to the Study of Law\u00a0\u00bb. Ce cours de premier cycle est une introduction au syst\u00e8me juridique canadien, commen\u00e7ant par le cadre juridique fondamental du Canada et les traditions du droit civil et de la common law.\u00a0 Par la suite, il y a un survol des bases des diff\u00e9rents domaines du droit.\u00a0 La pr\u00e9sentation de Dayna fut ax\u00e9e sur les contrats dans le cadre du droit du travail et de l\u2019emploi avec une emphase sur la protection minimale offerte par la l\u00e9gislation dans le domaine.<\/p>\n","protected":false},"excerpt":{"rendered":"<p>Dayna Steinfeld \u00e9tait conf\u00e9renci\u00e8re invit\u00e9e \u00e0 la Section de droit civil de la Facult\u00e9 de droit de l\u2019Universit\u00e9 d\u2019Ottawa dans le cadre du cours \u00ab\u00a0Introduction to the Study of Law\u00a0\u00bb. Ce cours de premier cycle est une introduction au syst\u00e8me juridique canadien, commen\u00e7ant par le cadre juridique fondamental du Canada et les traditions du droit&hellip;<\/p>\n<p><a class=\"more-link\" href=\"https:\/\/ravenlaw.com\/fr\/dayna-steinfeld-est-conferenciere-invitee-dans-le-cours-introduction-to-the-study-of-law-a-luniversite-dottawa\/\" title=\"Poursuivre la lecture &lsquo;Dayna Steinfeld est conf\u00e9renci\u00e8re invit\u00e9e dans le cours \u00abIntroduction to the Study of Law \u00bb \u00e0 l\u2019Universit\u00e9 d\u2019Ottawa&rsquo;\">Continuer la lecture <span class=\"meta-nav\">&rarr;<\/span><\/a><\/p>\n","protected":false},"author":1,"featured_media":0,"comment_status":"open","ping_status":"open","sticky":false,"template":"","format":"standard","meta":{"_acf_changed":false,"footnotes":""},"categories":[1],"tags":[],"class_list":["post-3640","post","type-post","status-publish","format-standard","hentry","category-uncategorized"],"acf":[],"_links":{"self":[{"href":"https:\/\/ravenlaw.com\/fr\/wp-json\/wp\/v2\/posts\/3640","targetHints":{"allow":["GET"]}}],"collection":[{"href":"https:\/\/ravenlaw.com\/fr\/wp-json\/wp\/v2\/posts"}],"about":[{"href":"https:\/\/ravenlaw.com\/fr\/wp-json\/wp\/v2\/types\/post"}],"author":[{"embeddable":true,"href":"https:\/\/ravenlaw.com\/fr\/wp-json\/wp\/v2\/users\/1"}],"replies":[{"embeddable":true,"href":"https:\/\/ravenlaw.com\/fr\/wp-json\/wp\/v2\/comments?post=3640"}],"version-history":[{"count":0,"href":"https:\/\/ravenlaw.com\/fr\/wp-json\/wp\/v2\/posts\/3640\/revisions"}],"wp:attachment":[{"href":"https:\/\/ravenlaw.com\/fr\/wp-json\/wp\/v2\/media?parent=3640"}],"wp:term":[{"taxonomy":"category","embeddable":true,"href":"https:\/\/ravenlaw.com\/fr\/wp-json\/wp\/v2\/categories?post=3640"},{"taxonomy":"post_tag","embeddable":true,"href":"https:\/\/ravenlaw.com\/fr\/wp-json\/wp\/v2\/tags?post=3640"}],"curies":[{"name":"wp","href":"https:\/\/api.w.org\/{rel}","templated":true}]}}