{"id":3616,"date":"2022-11-08T16:25:20","date_gmt":"2022-11-08T21:25:20","guid":{"rendered":"http:\/\/ravenlaw.forcefivedev.ca\/rcby-souligne-le-jour-de-deuil-national\/"},"modified":"2022-11-08T16:39:34","modified_gmt":"2022-11-08T21:39:34","slug":"rcby-souligne-le-jour-de-deuil-national","status":"publish","type":"post","link":"https:\/\/ravenlaw.com\/fr\/rcby-souligne-le-jour-de-deuil-national\/","title":{"rendered":"RCBY souligne le jour de deuil national"},"content":{"rendered":"<p style=\"color: #1f1f1f;\">En ce 28 avril, les citoyens de plus de 100 pays rendront hommage \u00e0 leurs confr\u00e8res et cons\u0153urs bless\u00e9s ou d\u00e9c\u00e9d\u00e9s suite \u00e0 un accident de travail.<\/p>\n<p style=\"color: #1f1f1f;\">Il y a \u00e0 peine deux d\u00e9cennies, le congr\u00e8s du travail du Canada institua cette journ\u00e9e de deuil, aussi connue sous le nom de journ\u00e9e pour la compassion des travailleurs et travailleuses. A ce jour, nous pouvons dor\u00e9navant compter sur la participation plus de 100 pays pour cette journ\u00e9e comm\u00e9morative.<\/p>\n<p style=\"color: #1f1f1f;\">En 2008, il y eut en moyenne, au Canada, deux d\u00e9c\u00e8s par jours caus\u00e9s par des accidents de travail et plus d\u2019un million de bless\u00e9s.<\/p>\n<p style=\"color: #1f1f1f;\">Par l\u2019entremise de cette journ\u00e9e, nous esp\u00e9rons pouvoir aider \u00e0 la conscientisation de la population, rendre hommage \u00e0 nos fr\u00e8res et s\u0153urs disparus et promouvoir un environnement de travail sain et s\u00e9curitaire pour tous.<\/p>\n","protected":false},"excerpt":{"rendered":"<p>En ce 28 avril, les citoyens de plus de 100 pays rendront hommage \u00e0 leurs confr\u00e8res et cons\u0153urs bless\u00e9s ou d\u00e9c\u00e9d\u00e9s suite \u00e0 un accident de travail. Il y a \u00e0 peine deux d\u00e9cennies, le congr\u00e8s du travail du Canada institua cette journ\u00e9e de deuil, aussi connue sous le nom de journ\u00e9e pour la compassion&hellip;<\/p>\n<p><a class=\"more-link\" href=\"https:\/\/ravenlaw.com\/fr\/rcby-souligne-le-jour-de-deuil-national\/\" title=\"Poursuivre la lecture &lsquo;RCBY souligne le jour de deuil national&rsquo;\">Continuer la lecture <span class=\"meta-nav\">&rarr;<\/span><\/a><\/p>\n","protected":false},"author":1,"featured_media":2368,"comment_status":"closed","ping_status":"closed","sticky":false,"template":"","format":"standard","meta":{"_acf_changed":false,"footnotes":""},"categories":[182,197],"tags":[],"class_list":["post-3616","post","type-post","status-publish","format-standard","has-post-thumbnail","hentry","category-news-fr","category-resources-fr"],"acf":[],"_links":{"self":[{"href":"https:\/\/ravenlaw.com\/fr\/wp-json\/wp\/v2\/posts\/3616","targetHints":{"allow":["GET"]}}],"collection":[{"href":"https:\/\/ravenlaw.com\/fr\/wp-json\/wp\/v2\/posts"}],"about":[{"href":"https:\/\/ravenlaw.com\/fr\/wp-json\/wp\/v2\/types\/post"}],"author":[{"embeddable":true,"href":"https:\/\/ravenlaw.com\/fr\/wp-json\/wp\/v2\/users\/1"}],"replies":[{"embeddable":true,"href":"https:\/\/ravenlaw.com\/fr\/wp-json\/wp\/v2\/comments?post=3616"}],"version-history":[{"count":0,"href":"https:\/\/ravenlaw.com\/fr\/wp-json\/wp\/v2\/posts\/3616\/revisions"}],"wp:featuredmedia":[{"embeddable":true,"href":"https:\/\/ravenlaw.com\/fr\/wp-json\/wp\/v2\/media\/2368"}],"wp:attachment":[{"href":"https:\/\/ravenlaw.com\/fr\/wp-json\/wp\/v2\/media?parent=3616"}],"wp:term":[{"taxonomy":"category","embeddable":true,"href":"https:\/\/ravenlaw.com\/fr\/wp-json\/wp\/v2\/categories?post=3616"},{"taxonomy":"post_tag","embeddable":true,"href":"https:\/\/ravenlaw.com\/fr\/wp-json\/wp\/v2\/tags?post=3616"}],"curies":[{"name":"wp","href":"https:\/\/api.w.org\/{rel}","templated":true}]}}